{"id":826,"date":"2015-07-08T11:56:36","date_gmt":"2015-07-08T09:56:36","guid":{"rendered":"https:\/\/www.labex-palm.fr\/une-experience-de-pensee-deinstein-bohr-realisee-a-lechelle-moleculaire\/"},"modified":"2019-07-10T14:53:21","modified_gmt":"2019-07-10T12:53:21","slug":"une-experience-de-pensee-deinstein-bohr-realisee-a-lechelle-moleculaire","status":"publish","type":"post","link":"https:\/\/www.labex-palm.fr\/en\/une-experience-de-pensee-deinstein-bohr-realisee-a-lechelle-moleculaire\/","title":{"rendered":"Une exp\u00e9rience de pens\u00e9e d\u2019Einstein-Bohr r\u00e9alis\u00e9e \u00e0 l\u2019\u00e9chelle mol\u00e9culaire"},"content":{"rendered":"<div class=\"art-article\">\n<table>\n<tbody>\n<tr style=\"border-color: #ffffff; border-width: 1px;\">\n<td style=\"border: 1px solid #ffffff; text-align: center;\">\n<div><span style=\"font-size: 8pt; color: #636f88;\"><img decoding=\"async\" loading=\"lazy\" style=\"color: #000000;\" src=\"\/images\/highkights\/faristwin-1.jpg\" alt=\"faristwin-1\" width=\"70\" height=\"81\"><\/span><\/div>\n<div><span style=\"color: #636f88; font-size: 7pt; line-height: 12px;\">Faris Gelmukhanov Institut Royal de Su\u00e8de<\/span><\/div>\n<div>&nbsp;<\/div>\n<\/td>\n<td style=\"border: 1px solid #ffffff; text-align: justify;\">&nbsp;<\/td>\n<td style=\"border: 1px solid #ffffff; text-align: justify;\"><span style=\"color: #636f88;\"><strong>Pour la premi\u00e8re fois, des chercheurs PALM de SOLEIL, en collaboration avec des \u00e9quipes su\u00e9doise et japonaise ont r\u00e9ussi \u00e0 r\u00e9aliser,&nbsp;dans le cadre du projet de chaire s\u00e9nior du Professeur Faris&nbsp;Gel&#8217;mukhanov&#8217;s,&nbsp;une exp\u00e9rience de photoionisation illustrant une exp\u00e9rience de pens\u00e9e imagin\u00e9e par Albert Einstein et Niels Bohr lors de leurs \u00e2pres discussions sur la nature du monde qui nous entoure, et en particulier sur la double nature des particules \u00e9l\u00e9mentaires, ondes et particules \u00e0 la fois. D\u00e9fiant la compr\u00e9hension de la physique quantique, cette exp\u00e9rience originale s\u2019inscrit dans un des plus riches d\u00e9bats de l\u2019histoire des Sciences, ayant d\u00e9j\u00e0 conduit \u00e0 plusieurs prix Nobel, dont celui d\u00e9cern\u00e9 en 2012 \u00e0 Serge Haroche.&nbsp;<\/strong><\/span><\/td>\n<\/tr>\n<\/tbody>\n<\/table>\n<p style=\"text-align: justify;\"><span style=\"text-align: justify;\">La naissance de la m\u00e9canique quantique au d\u00e9but du XXe si\u00e8cle a boulevers\u00e9 la vision des scientifiques sur le monde qui les entourait. Cette r\u00e9volution a engendr\u00e9 des discussions scientifiques et philosophiques passionn\u00e9es entre eux, discussions toujours vives aujourd\u2019hui. L\u2019une des plus importantes, portant sur le principe de compl\u00e9mentarit\u00e9 (la dualit\u00e9 onde-corpuscule des objets quantiques), a impliqu\u00e9 deux scientifiques de renom: Albert Einstein et Niels Bohr. Einstein, aux premiers instants de la m\u00e9canique quantique, a d\u00e9fi\u00e9 le principe de compl\u00e9mentarit\u00e9 en sugg\u00e9rant une exp\u00e9rience de pens\u00e9e avec un dispositif \u00e0 double fente dot\u00e9 d\u2019une fente macroscopique mobile (figure 1). La c\u00e9l\u00e8bre exp\u00e9rience des fentes d\u2019Young illustre la nature ondulatoire de la lumi\u00e8re, avec un ph\u00e9nom\u00e8ne d\u2019interf\u00e9rence observable sur un \u00e9cran plac\u00e9 derri\u00e8re deux fentes \u00e9clair\u00e9es par une source lumineuse. Une exp\u00e9rience de pens\u00e9e est une exp\u00e9rience id\u00e9ale, imagin\u00e9e pour tester des hypoth\u00e8ses et th\u00e9ories et \u00e9valuer leurs cons\u00e9quences. Cependant il peut \u00eatre impossible de r\u00e9aliser physiquement une telle exp\u00e9rience. Dans leurs discussions anim\u00e9es, cette exp\u00e9rience conceptuelle a \u00e9volu\u00e9 jusqu\u2019\u00e0 devenir la c\u00e9l\u00e8bre \u00ab exp\u00e9rience de pens\u00e9e \u00e0 double fente mobile d\u2019Einstein-Bohr \u00bb, dans laquelle le transfert de quantit\u00e9 de mouvement entre une particule (un photon) et une fente mobile permet d\u2019identifier la fente par laquelle le photon est pass\u00e9 avant d\u2019atteindre l\u2019\u00e9cran, \u00e9liminant ainsi le ph\u00e9nom\u00e8ne d\u2019interf\u00e9rences. Malheureusement, le poids d\u2019une fente macroscopique massive rend une telle mesure impossible.&nbsp;<\/span><\/p>\n<div style=\"text-align: justify;\"><span style=\"text-align: justify;\"><span style=\"text-align: justify;\"><\/span><\/span><\/p>\n<p style=\"line-height: 18px;\"><img decoding=\"async\" loading=\"lazy\" style=\"display: block; margin-left: auto; margin-right: auto;\" src=\"\/images\/highkights\/Capture_d\u00e9cran_2016-05-23_\u00e0_13.09.38.png\" alt=\"Capture d\u00e9cran 2016-05-23 \u00e0 13.09.38\" width=\"270\" height=\"200\"><\/p>\n<p><span style=\"text-align: justify;\"><span style=\"text-align: justify;\"><\/span><\/span><\/p>\n<p style=\"line-height: 18px; text-align: center;\"><span style=\"font-size: 8pt;\"><em>Figure 1 :&nbsp;R<\/em><\/span><span style=\"font-size: 9pt; font-family: Calibri; font-style: italic;\">epr\u00e9sentation sch\u00e9matique de l\u2019exp\u00e9rience de&nbsp;<\/span><span style=\"font-size: 9pt; font-family: Calibri; font-style: italic;\">pens\u00e9e \u00e0 double fente n\u00e9e du d\u00e9bat entre Einstein et Bohr,&nbsp;<\/span><span style=\"font-size: 9pt; font-family: Calibri; font-style: italic;\">avec des fentes massives coupl\u00e9es (a) et d\u00e9coupl\u00e9es (c). De m\u00eame, la mat\u00e9rialisation sch\u00e9matique de cette exp\u00e9rience de pens\u00e9e bas\u00e9e sur le processus de photoionisation mol\u00e9culaire o\u00f9 les deux fentes sont remplac\u00e9es par deux atomes d\u2019oxy<\/span><span style=\"font-size: 9pt; font-family: Calibri; font-style: italic;\">g\u00e8nes coupl\u00e9 (b) et d\u00e9coupl\u00e9s (d).&nbsp;<\/span><\/p>\n<\/div>\n<div>\n<div style=\"text-align: justify;\" title=\"Page 1\">80 ans plus tard, des \u00e9quipes fran\u00e7aise (ligne de lumi\u00e8re PLEIADES au Synchrotron SOLEIL) et su\u00e9doise (Royal Institute of Technology), avec la participation d\u2019un chercheur japonais (Tohoku University), ont r\u00e9alis\u00e9 cette exp\u00e9rience de pens\u00e9e au niveau mol\u00e9culaire. Ils ont remplac\u00e9 la double fente par une mol\u00e9cule de dioxyg\u00e8ne, dans laquelle chaque atome joue le r\u00f4le d\u2019une fente. Dans l\u2019exp\u00e9rience, la mol\u00e9cule neutre est excit\u00e9e \u00e0 l\u2019aide de rayons X mous issus du rayonnement synchrotron, vers un \u00e9tat \u00e9lectronique instable o\u00f9 la mol\u00e9cule se dissocie en deux atomes qui s\u2019\u00e9loignent rapidement l\u2019un de l\u2019autre. La relaxation du syst\u00e8me se traduit par l\u2019\u00e9mission d\u2019un \u00e9lectron rapide (Auger). Grace \u00e0 un dispositif extr\u00eamement performant de d\u00e9tection en co\u00efncidence des \u00e9lectrons et des ions, les scientifiques ont \u00e9t\u00e9 capables de mesurer directement la quantit\u00e9 de mouvement transf\u00e9r\u00e9e par l\u2019\u00e9lectron Auger \u00e9mis \u00e0 la mol\u00e9cule ou l\u2019atome ionis\u00e9, jouant ici le r\u00f4le de fentes microscopiques ultra l\u00e9g\u00e8res. Deux cas de figure se pr\u00e9sentent. Dans le premier, l\u2019\u00e9lectron est \u00e9ject\u00e9 imm\u00e9diatement apr\u00e8s excitation, avant que la mol\u00e9cule n\u2019ait le temps de se dissocier, c\u2019est \u00e0 dire lorsque la liaison entre les deux atomes d\u2019oxyg\u00e8ne est encore forte. La quantit\u00e9 de mouvement transf\u00e9r\u00e9e sera donc identique pour les deux atomes (les deux fentes sont li\u00e9es), rendant impossible la d\u00e9termination de l\u2019origine atomique de l\u2019\u00e9lectron \u00e9ject\u00e9. Des franges d\u2019interf\u00e9rence sont ainsi observ\u00e9es. Dans le second cas, l\u2019\u00e9lectron Auger est \u00e9ject\u00e9 plus tard, quand la mol\u00e9cule a entam\u00e9 sa dissociation. L\u2019\u00e9lectron transf\u00e8re donc la quantit\u00e9 de mouvement \u00e0 un seul des deux atomes d\u2019oxyg\u00e8ne (figure 2). Ce transfert asym\u00e9trique discrimine le \u00ab chemin \u00bb (de quelle fente l\u2019\u00e9lectron est issu), et vient ainsi \u00ab d\u00e9truire \u00bb le ph\u00e9nom\u00e8ne d\u2019interf\u00e9rence.<\/p>\n<div title=\"Page 2\">\n<p style=\"text-align: justify;\">Au final, les scientifiques ont r\u00e9ussi pour la premi\u00e8re fois \u00e0 mat\u00e9rialiser l\u2019exp\u00e9rience de pens\u00e9e \u00e0 fente mobile propos\u00e9e initialement 80 ans plus t\u00f4t lors d\u2019un d\u00e9bat entre Einstein et Bohr, \u00e0 l\u2019aide de la photo\u00e9mission X de la mol\u00e9cule d\u2019oxyg\u00e8ne. Bien que leurs r\u00e9sultats soient en accord avec la vision de Niels Bohr, ils montrent \u00e9galement qu\u2019Einstein avait raison lorsqu\u2019il disait : \u00ab L\u2019imagination est plus importante que la connaissance. La connaissance est limit\u00e9e alors que l\u2019imagination englobe le monde entier [&#8230;] \u00bb.&nbsp;<\/p>\n<\/div>\n<\/div>\n<\/div>\n<p style=\"text-align: center;\"><img decoding=\"async\" loading=\"lazy\" src=\"\/images\/highkights\/Capture_d\u00e9cran_2016-06-09_\u00e0_12.01.51.png\" alt=\"Capture d\u00e9cran 2016-06-09 \u00e0 12.01.51\" width=\"318\" height=\"250\"><\/p>\n<p style=\"text-align: center;\"><em><span style=\"font-size: 8pt;\">Figure 2 :&nbsp;<\/span><\/em><span style=\"font-size: 9pt; font-family: Calibri; font-style: italic;\">R\u00e9sultats exp\u00e9rimentaux (\u00e0 gauche) et simulation th\u00e9o<\/span><span style=\"font-size: 9pt; font-family: Calibri; font-style: italic;\">rique (\u00e0 droite) de la mat\u00e9rialisation au niveau mol\u00e9culaire de l\u2019exp\u00e9rience de pens\u00e9e \u00e0 double fente mobile. Un ph\u00e9nom\u00e8ne d\u2019interf\u00e9rence similaire \u00e0 celui observ\u00e9 avec la c\u00e9l\u00e8bre exp\u00e9rience d\u2019optique des fentes d\u2019Young est visible lorsque l\u2019origine (la fente) de l\u2019\u00e9lectron \u00e9mis n\u2019est pas identifiable, alors que ce ph\u00e9nom\u00e8ne dispara\u00eet totalement lorsque le transfert de quantit\u00e9 de mouve<\/span><span style=\"font-size: 9pt; font-family: Calibri; font-style: italic;\">ment asym\u00e9trique (d\u00e9placement Doppler) entre l\u2019\u00e9lectron \u00e9mis et l\u2019ion d\u2019oxyg\u00e8ne r\u00e9siduel permet l\u2019identification de l\u2019origine de l\u2019\u00e9mission \u00e9lectronique.&nbsp;<\/span><\/p>\n<p style=\"text-align: justify;\"><strong style=\"text-align: justify;\">R\u00e9f\u00e9rence&nbsp;<\/strong><strong style=\"text-align: justify;\">:<\/strong><span style=\"text-align: justify;\">&nbsp;Einstein\u2013Bohr recoiling double-slit gedanken experiment performed at the molecular level. X-J. Liu, Q. Miao, F. Gel\u2019mukhanov, M. Patanen, O. Travnikova, C. Nicolas, H. \u00c5gren, K. Ueda &amp; C. Miron. <\/span><em style=\"text-align: justify;\">Nature Photonics,<\/em><span style=\"text-align: justify;\"> 9 (2) (2015) 120-125.<\/span><\/p>\n<p>&nbsp;<\/p>\n<p style=\"text-align: justify;\"><span style=\"color: #1486d7;\">R\u00e9sultats obtenus dans le cadre du projet &#8221; <strong><a href=\"\/fr\/faits-marquants\/2015\/87-ultrafast-x\">Modeling ultrafast dynamics probed by short wavelength Sychrotron Radiation, Free Electron Lasers and HHG aatosecond pulses<\/a><\/strong>&nbsp;<\/span><span style=\"font-family: Arial; color: #1670cd;\"><\/span><span style=\"color: #1486d7;\"><strong>&#8221;&nbsp;<\/strong>(Ultrafast-X 2013-2016) financ\u00e9 par le th\u00e8me 3 du LabEx PALM et port\u00e9 par Catalin Miron (SOLEIL).<\/span><\/p>\n<p style=\"text-align: center;\"><em>&nbsp;<\/em><img decoding=\"async\" loading=\"lazy\" src=\"\/images\/stories\/partenaires\/soleilquadri.jpg\" alt=\"soleilquadri\" width=\"145\" height=\"70\">&nbsp; &nbsp; &nbsp; &nbsp; &nbsp; &nbsp; &nbsp; &nbsp; &nbsp; &nbsp; &nbsp; &nbsp; &nbsp; &nbsp; &nbsp; &nbsp; &nbsp; &nbsp; &nbsp; &nbsp;&nbsp;<img decoding=\"async\" loading=\"lazy\" style=\"color: #000000;\" src=\"\/images\/stories\/Logo_labo\/LIDyL.jpg\" alt=\"LIDyL\" width=\"136\" height=\"75\"><span style=\"color: #000000;\">&nbsp; &nbsp; &nbsp; &nbsp; &nbsp; &nbsp; &nbsp; &nbsp; &nbsp; <\/span><span style=\"color: #000000;\">&nbsp; &nbsp; &nbsp; &nbsp; &nbsp; &nbsp; &nbsp; &nbsp; &nbsp; &nbsp; &nbsp;<\/span><img decoding=\"async\" style=\"color: #000000;\" src=\"\/images\/stories\/Logo_labo\/ISMO.png\" alt=\"ISMO\"><\/p>\n<\/div>\n","protected":false},"excerpt":{"rendered":"<p>Faris Gelmukhanov Institut Royal de Su\u00e8de &nbsp; &nbsp; Pour la premi\u00e8re fois, des chercheurs [&hellip;]<\/p>\n","protected":false},"author":1,"featured_media":1497,"comment_status":"closed","ping_status":"closed","sticky":false,"template":"","format":"standard","meta":[],"categories":[42],"tags":[],"acf":[],"yoast_head":"<!-- This site is optimized with the Yoast SEO plugin v21.8.1 - https:\/\/yoast.com\/wordpress\/plugins\/seo\/ -->\n<title>Une exp\u00e9rience de pens\u00e9e d\u2019Einstein-Bohr r\u00e9alis\u00e9e \u00e0 l\u2019\u00e9chelle mol\u00e9culaire - Labex-Palm<\/title>\n<meta name=\"robots\" content=\"index, follow, max-snippet:-1, max-image-preview:large, max-video-preview:-1\" \/>\n<link rel=\"canonical\" href=\"https:\/\/www.labex-palm.fr\/en\/une-experience-de-pensee-deinstein-bohr-realisee-a-lechelle-moleculaire\/\" \/>\n<meta property=\"og:locale\" content=\"en_US\" \/>\n<meta property=\"og:type\" content=\"article\" \/>\n<meta property=\"og:title\" content=\"Une exp\u00e9rience de pens\u00e9e d\u2019Einstein-Bohr r\u00e9alis\u00e9e \u00e0 l\u2019\u00e9chelle mol\u00e9culaire - Labex-Palm\" \/>\n<meta property=\"og:description\" content=\"Faris Gelmukhanov Institut Royal de Su\u00e8de &nbsp; &nbsp; Pour la premi\u00e8re fois, des chercheurs [&hellip;]\" \/>\n<meta property=\"og:url\" content=\"https:\/\/www.labex-palm.fr\/en\/une-experience-de-pensee-deinstein-bohr-realisee-a-lechelle-moleculaire\/\" \/>\n<meta property=\"og:site_name\" content=\"Labex-Palm\" \/>\n<meta property=\"article:published_time\" content=\"2015-07-08T09:56:36+00:00\" \/>\n<meta property=\"article:modified_time\" content=\"2019-07-10T12:53:21+00:00\" \/>\n<meta property=\"og:image\" content=\"https:\/\/www.labex-palm.fr\/wp-content\/uploads\/2015\/07\/faristwin-1.jpg\" \/>\n\t<meta property=\"og:image:width\" content=\"245\" \/>\n\t<meta property=\"og:image:height\" content=\"294\" \/>\n\t<meta property=\"og:image:type\" content=\"image\/jpeg\" \/>\n<meta name=\"author\" content=\"Kroox\" \/>\n<meta name=\"twitter:card\" content=\"summary_large_image\" \/>\n<meta name=\"twitter:label1\" content=\"Written by\" \/>\n\t<meta name=\"twitter:data1\" content=\"Kroox\" \/>\n\t<meta name=\"twitter:label2\" content=\"Est. reading time\" \/>\n\t<meta name=\"twitter:data2\" content=\"6 minutes\" \/>\n<script type=\"application\/ld+json\" class=\"yoast-schema-graph\">{\"@context\":\"https:\/\/schema.org\",\"@graph\":[{\"@type\":\"WebPage\",\"@id\":\"https:\/\/www.labex-palm.fr\/en\/une-experience-de-pensee-deinstein-bohr-realisee-a-lechelle-moleculaire\/\",\"url\":\"https:\/\/www.labex-palm.fr\/en\/une-experience-de-pensee-deinstein-bohr-realisee-a-lechelle-moleculaire\/\",\"name\":\"Une exp\u00e9rience de pens\u00e9e d\u2019Einstein-Bohr r\u00e9alis\u00e9e \u00e0 l\u2019\u00e9chelle mol\u00e9culaire - Labex-Palm\",\"isPartOf\":{\"@id\":\"https:\/\/www.labex-palm.fr\/#website\"},\"datePublished\":\"2015-07-08T09:56:36+00:00\",\"dateModified\":\"2019-07-10T12:53:21+00:00\",\"author\":{\"@id\":\"https:\/\/www.labex-palm.fr\/#\/schema\/person\/b6ac215c0a50acc10c0f5a7549d1574e\"},\"breadcrumb\":{\"@id\":\"https:\/\/www.labex-palm.fr\/en\/une-experience-de-pensee-deinstein-bohr-realisee-a-lechelle-moleculaire\/#breadcrumb\"},\"inLanguage\":\"en-US\",\"potentialAction\":[{\"@type\":\"ReadAction\",\"target\":[\"https:\/\/www.labex-palm.fr\/en\/une-experience-de-pensee-deinstein-bohr-realisee-a-lechelle-moleculaire\/\"]}]},{\"@type\":\"BreadcrumbList\",\"@id\":\"https:\/\/www.labex-palm.fr\/en\/une-experience-de-pensee-deinstein-bohr-realisee-a-lechelle-moleculaire\/#breadcrumb\",\"itemListElement\":[{\"@type\":\"ListItem\",\"position\":1,\"name\":\"Accueil\",\"item\":\"https:\/\/www.labex-palm.fr\/en\/\"},{\"@type\":\"ListItem\",\"position\":2,\"name\":\"Une exp\u00e9rience de pens\u00e9e d\u2019Einstein-Bohr r\u00e9alis\u00e9e \u00e0 l\u2019\u00e9chelle mol\u00e9culaire\"}]},{\"@type\":\"WebSite\",\"@id\":\"https:\/\/www.labex-palm.fr\/#website\",\"url\":\"https:\/\/www.labex-palm.fr\/\",\"name\":\"Labex-Palm\",\"description\":\"Physique Atomes Lumi\u00e8re Mati\u00e8re\",\"potentialAction\":[{\"@type\":\"SearchAction\",\"target\":{\"@type\":\"EntryPoint\",\"urlTemplate\":\"https:\/\/www.labex-palm.fr\/?s={search_term_string}\"},\"query-input\":\"required name=search_term_string\"}],\"inLanguage\":\"en-US\"},{\"@type\":\"Person\",\"@id\":\"https:\/\/www.labex-palm.fr\/#\/schema\/person\/b6ac215c0a50acc10c0f5a7549d1574e\",\"name\":\"Kroox\",\"url\":\"https:\/\/www.labex-palm.fr\/en\/author\/kroox\/\"}]}<\/script>\n<!-- \/ Yoast SEO plugin. -->","yoast_head_json":{"title":"Une exp\u00e9rience de pens\u00e9e d\u2019Einstein-Bohr r\u00e9alis\u00e9e \u00e0 l\u2019\u00e9chelle mol\u00e9culaire - Labex-Palm","robots":{"index":"index","follow":"follow","max-snippet":"max-snippet:-1","max-image-preview":"max-image-preview:large","max-video-preview":"max-video-preview:-1"},"canonical":"https:\/\/www.labex-palm.fr\/en\/une-experience-de-pensee-deinstein-bohr-realisee-a-lechelle-moleculaire\/","og_locale":"en_US","og_type":"article","og_title":"Une exp\u00e9rience de pens\u00e9e d\u2019Einstein-Bohr r\u00e9alis\u00e9e \u00e0 l\u2019\u00e9chelle mol\u00e9culaire - Labex-Palm","og_description":"Faris Gelmukhanov Institut Royal de Su\u00e8de &nbsp; &nbsp; Pour la premi\u00e8re fois, des chercheurs [&hellip;]","og_url":"https:\/\/www.labex-palm.fr\/en\/une-experience-de-pensee-deinstein-bohr-realisee-a-lechelle-moleculaire\/","og_site_name":"Labex-Palm","article_published_time":"2015-07-08T09:56:36+00:00","article_modified_time":"2019-07-10T12:53:21+00:00","og_image":[{"width":245,"height":294,"url":"https:\/\/www.labex-palm.fr\/wp-content\/uploads\/2015\/07\/faristwin-1.jpg","type":"image\/jpeg"}],"author":"Kroox","twitter_card":"summary_large_image","twitter_misc":{"Written by":"Kroox","Est. reading time":"6 minutes"},"schema":{"@context":"https:\/\/schema.org","@graph":[{"@type":"WebPage","@id":"https:\/\/www.labex-palm.fr\/en\/une-experience-de-pensee-deinstein-bohr-realisee-a-lechelle-moleculaire\/","url":"https:\/\/www.labex-palm.fr\/en\/une-experience-de-pensee-deinstein-bohr-realisee-a-lechelle-moleculaire\/","name":"Une exp\u00e9rience de pens\u00e9e d\u2019Einstein-Bohr r\u00e9alis\u00e9e \u00e0 l\u2019\u00e9chelle mol\u00e9culaire - Labex-Palm","isPartOf":{"@id":"https:\/\/www.labex-palm.fr\/#website"},"datePublished":"2015-07-08T09:56:36+00:00","dateModified":"2019-07-10T12:53:21+00:00","author":{"@id":"https:\/\/www.labex-palm.fr\/#\/schema\/person\/b6ac215c0a50acc10c0f5a7549d1574e"},"breadcrumb":{"@id":"https:\/\/www.labex-palm.fr\/en\/une-experience-de-pensee-deinstein-bohr-realisee-a-lechelle-moleculaire\/#breadcrumb"},"inLanguage":"en-US","potentialAction":[{"@type":"ReadAction","target":["https:\/\/www.labex-palm.fr\/en\/une-experience-de-pensee-deinstein-bohr-realisee-a-lechelle-moleculaire\/"]}]},{"@type":"BreadcrumbList","@id":"https:\/\/www.labex-palm.fr\/en\/une-experience-de-pensee-deinstein-bohr-realisee-a-lechelle-moleculaire\/#breadcrumb","itemListElement":[{"@type":"ListItem","position":1,"name":"Accueil","item":"https:\/\/www.labex-palm.fr\/en\/"},{"@type":"ListItem","position":2,"name":"Une exp\u00e9rience de pens\u00e9e d\u2019Einstein-Bohr r\u00e9alis\u00e9e \u00e0 l\u2019\u00e9chelle mol\u00e9culaire"}]},{"@type":"WebSite","@id":"https:\/\/www.labex-palm.fr\/#website","url":"https:\/\/www.labex-palm.fr\/","name":"Labex-Palm","description":"Physique Atomes Lumi\u00e8re Mati\u00e8re","potentialAction":[{"@type":"SearchAction","target":{"@type":"EntryPoint","urlTemplate":"https:\/\/www.labex-palm.fr\/?s={search_term_string}"},"query-input":"required name=search_term_string"}],"inLanguage":"en-US"},{"@type":"Person","@id":"https:\/\/www.labex-palm.fr\/#\/schema\/person\/b6ac215c0a50acc10c0f5a7549d1574e","name":"Kroox","url":"https:\/\/www.labex-palm.fr\/en\/author\/kroox\/"}]}},"_links":{"self":[{"href":"https:\/\/www.labex-palm.fr\/en\/wp-json\/wp\/v2\/posts\/826"}],"collection":[{"href":"https:\/\/www.labex-palm.fr\/en\/wp-json\/wp\/v2\/posts"}],"about":[{"href":"https:\/\/www.labex-palm.fr\/en\/wp-json\/wp\/v2\/types\/post"}],"author":[{"embeddable":true,"href":"https:\/\/www.labex-palm.fr\/en\/wp-json\/wp\/v2\/users\/1"}],"replies":[{"embeddable":true,"href":"https:\/\/www.labex-palm.fr\/en\/wp-json\/wp\/v2\/comments?post=826"}],"version-history":[{"count":1,"href":"https:\/\/www.labex-palm.fr\/en\/wp-json\/wp\/v2\/posts\/826\/revisions"}],"predecessor-version":[{"id":827,"href":"https:\/\/www.labex-palm.fr\/en\/wp-json\/wp\/v2\/posts\/826\/revisions\/827"}],"wp:featuredmedia":[{"embeddable":true,"href":"https:\/\/www.labex-palm.fr\/en\/wp-json\/wp\/v2\/media\/1497"}],"wp:attachment":[{"href":"https:\/\/www.labex-palm.fr\/en\/wp-json\/wp\/v2\/media?parent=826"}],"wp:term":[{"taxonomy":"category","embeddable":true,"href":"https:\/\/www.labex-palm.fr\/en\/wp-json\/wp\/v2\/categories?post=826"},{"taxonomy":"post_tag","embeddable":true,"href":"https:\/\/www.labex-palm.fr\/en\/wp-json\/wp\/v2\/tags?post=826"}],"curies":[{"name":"wp","href":"https:\/\/api.w.org\/{rel}","templated":true}]}}